{"id":8456,"date":"2026-04-30T14:57:26","date_gmt":"2026-04-30T17:57:26","guid":{"rendered":"https:\/\/proppg.unilab.edu.br\/?p=8456"},"modified":"2026-04-30T14:59:33","modified_gmt":"2026-04-30T17:59:33","slug":"publicacao-do-edital-proppgi-no-09-2026-eleicao-de-representantes-das-coordenacoes-de-pos-graduacao-no-consepe","status":"publish","type":"post","link":"https:\/\/proppg.unilab.edu.br\/index.php\/banner-principal\/publicacao-do-edital-proppgi-no-09-2026-eleicao-de-representantes-das-coordenacoes-de-pos-graduacao-no-consepe\/","title":{"rendered":"Publica\u00e7\u00e3o do Edital PROPPGI n\u00ba 09\/2026 \u2013 Elei\u00e7\u00e3o de Representantes das Coordena\u00e7\u00f5es de P\u00f3s-Gradua\u00e7\u00e3o no Consepe"},"content":{"rendered":"<p>A Pr\u00f3-Reitoria de Pesquisa, P\u00f3s-Gradua\u00e7\u00e3o e Inova\u00e7\u00e3o (PROPPGI) torna p\u00fablica a divulga\u00e7\u00e3o do Edital PROPPGI n\u00ba 09\/2026, que regulamenta o processo eleitoral para escolha de representantes das Coordena\u00e7\u00f5es dos cursos de p\u00f3s-gradua\u00e7\u00e3o no Conselho de Ensino, Pesquisa e Extens\u00e3o (Consepe), para o bi\u00eanio 2026\u20132028 .<\/p>\n<p>O processo eleitoral ser\u00e1 conduzido pela Comiss\u00e3o do Processo Eleitoral e prev\u00ea a participa\u00e7\u00e3o dos(as) docentes que estejam em exerc\u00edcio de mandato como coordenadores(as) de cursos de p\u00f3s-gradua\u00e7\u00e3o, nas modalidades presencial ou a dist\u00e2ncia .<\/p>\n<p>As inscri\u00e7\u00f5es das candidaturas dever\u00e3o ser realizadas no per\u00edodo de 04 a 22 de maio de 2026, por meio de formul\u00e1rio eletr\u00f4nico a ser disponibilizado aos(\u00e0s) coordenadores(as) .<\/p>\n<p>A vota\u00e7\u00e3o ocorrer\u00e1 de forma on-line, no dia 02 de junho de 2026, das 9h \u00e0s 16h, por meio de formul\u00e1rio eletr\u00f4nico, sendo permitida apenas uma vota\u00e7\u00e3o por participante .<\/p>\n<p>O resultado final do processo eleitoral est\u00e1 previsto para ser divulgado at\u00e9 o dia 16 de junho de 2026, conforme cronograma estabelecido no edital .<\/p>\n<p>Os(as) interessados(as) devem consultar o edital completo para acesso a todas as regras, crit\u00e9rios de elegibilidade, etapas do processo e prazos.<\/p>\n<p><strong> Acesse o edital completo no <\/strong><strong>arquivo<\/strong><strong> anexo.<\/strong><\/p>\n<p><strong><a href=\"https:\/\/proppg.unilab.edu.br\/wp-content\/uploads\/2026\/04\/SEI_UNILAB-EDITAL-PROPPGI-no-09-2026-_-Eleicao-Coordenadora-PG-Consepe.pdf\">Edital PROPPGI n\u00ba 09\/2026 \u2013 Elei\u00e7\u00e3o de Representantes das Coordena\u00e7\u00f5es de P\u00f3s-Gradua\u00e7\u00e3o no Consepe<\/a><\/strong><\/p>\n","protected":false},"excerpt":{"rendered":"<p>A Pr\u00f3-Reitoria de Pesquisa, P\u00f3s-Gradua\u00e7\u00e3o e Inova\u00e7\u00e3o (PROPPGI) torna p\u00fablica a divulga\u00e7\u00e3o do Edital PROPPGI n\u00ba 09\/2026, que regulamenta o processo eleitoral para escolha de representantes das Coordena\u00e7\u00f5es dos cursos de p\u00f3s-gradua\u00e7\u00e3o no Conselho de Ensino, Pesquisa e Extens\u00e3o (Consepe), para o bi\u00eanio 2026\u20132028 . O processo eleitoral ser\u00e1 conduzido pela Comiss\u00e3o do Processo Eleitoral [&hellip;]<\/p>\n","protected":false},"author":101037,"featured_media":0,"comment_status":"closed","ping_status":"closed","sticky":false,"template":"","format":"standard","meta":{"_uag_custom_page_level_css":"","footnotes":""},"categories":[251],"tags":[],"class_list":["post-8456","post","type-post","status-publish","format-standard","hentry","category-banner-principal"],"uagb_featured_image_src":{"full":false,"thumbnail":false,"medium":false,"medium_large":false,"large":false,"1536x1536":false,"2048x2048":false},"uagb_author_info":{"display_name":"Higo Nogueira","author_link":"https:\/\/proppg.unilab.edu.br\/index.php\/author\/higo-nogueira\/"},"uagb_comment_info":0,"uagb_excerpt":"A Pr\u00f3-Reitoria de Pesquisa, P\u00f3s-Gradua\u00e7\u00e3o e Inova\u00e7\u00e3o (PROPPGI) torna p\u00fablica a divulga\u00e7\u00e3o do Edital PROPPGI n\u00ba 09\/2026, que regulamenta o processo eleitoral para escolha de representantes das Coordena\u00e7\u00f5es dos cursos de p\u00f3s-gradua\u00e7\u00e3o no Conselho de Ensino, Pesquisa e Extens\u00e3o (Consepe), para o bi\u00eanio 2026\u20132028 . O processo eleitoral ser\u00e1 conduzido pela Comiss\u00e3o do Processo Eleitoral&hellip;","_links":{"self":[{"href":"https:\/\/proppg.unilab.edu.br\/index.php\/wp-json\/wp\/v2\/posts\/8456","targetHints":{"allow":["GET"]}}],"collection":[{"href":"https:\/\/proppg.unilab.edu.br\/index.php\/wp-json\/wp\/v2\/posts"}],"about":[{"href":"https:\/\/proppg.unilab.edu.br\/index.php\/wp-json\/wp\/v2\/types\/post"}],"author":[{"embeddable":true,"href":"https:\/\/proppg.unilab.edu.br\/index.php\/wp-json\/wp\/v2\/users\/101037"}],"replies":[{"embeddable":true,"href":"https:\/\/proppg.unilab.edu.br\/index.php\/wp-json\/wp\/v2\/comments?post=8456"}],"version-history":[{"count":3,"href":"https:\/\/proppg.unilab.edu.br\/index.php\/wp-json\/wp\/v2\/posts\/8456\/revisions"}],"predecessor-version":[{"id":8462,"href":"https:\/\/proppg.unilab.edu.br\/index.php\/wp-json\/wp\/v2\/posts\/8456\/revisions\/8462"}],"wp:attachment":[{"href":"https:\/\/proppg.unilab.edu.br\/index.php\/wp-json\/wp\/v2\/media?parent=8456"}],"wp:term":[{"taxonomy":"category","embeddable":true,"href":"https:\/\/proppg.unilab.edu.br\/index.php\/wp-json\/wp\/v2\/categories?post=8456"},{"taxonomy":"post_tag","embeddable":true,"href":"https:\/\/proppg.unilab.edu.br\/index.php\/wp-json\/wp\/v2\/tags?post=8456"}],"curies":[{"name":"wp","href":"https:\/\/api.w.org\/{rel}","templated":true}]}}