{"id":801,"date":"2016-06-13T09:23:59","date_gmt":"2016-06-13T12:23:59","guid":{"rendered":"http:\/\/proppg.unilab.edu.br\/?p=801"},"modified":"2022-06-01T16:38:59","modified_gmt":"2022-06-01T19:38:59","slug":"seminario-tecnologico-reune-pesquisadores-e-aponta-parcerias","status":"publish","type":"post","link":"https:\/\/proppg.unilab.edu.br\/index.php\/postagens\/seminario-tecnologico-reune-pesquisadores-e-aponta-parcerias\/","title":{"rendered":"Semin\u00e1rio Tecnol\u00f3gico re\u00fane pesquisadores e aponta parcerias"},"content":{"rendered":"<figure id=\"attachment_67652\" aria-describedby=\"caption-attachment-67652\" style=\"width: 345px\" class=\"wp-caption aligncenter\"><img loading=\"lazy\" decoding=\"async\" class=\"wp-image-67652 size-medium\" src=\"http:\/\/www.unilab.edu.br\/wp-content\/uploads\/2016\/06\/DSC_0057-345x231.jpg\" sizes=\"auto, (max-width: 345px) 100vw, 345px\" srcset=\"http:\/\/www.unilab.edu.br\/wp-content\/uploads\/2016\/06\/DSC_0057-345x231.jpg 345w, http:\/\/www.unilab.edu.br\/wp-content\/uploads\/2016\/06\/DSC_0057-768x514.jpg 768w, http:\/\/www.unilab.edu.br\/wp-content\/uploads\/2016\/06\/DSC_0057-575x385.jpg 575w, http:\/\/www.unilab.edu.br\/wp-content\/uploads\/2016\/06\/DSC_0057-448x300.jpg 448w\" alt=\"DSC_0057\" width=\"345\" height=\"231\" \/><figcaption id=\"caption-attachment-67652\" class=\"wp-caption-text\">Mesa de abertura contou com participa\u00e7\u00e3o da pr\u00f3-reitora de Pesquisa e P\u00f3s-Gradua\u00e7\u00e3o, Albanise Marinho, do presidente do Nutec, Francisco das Chagas, do reitor da Unilab, Tomaz Aroldo Santos, de N\u00e1gila Drummond, secret\u00e1ria executiva da Secretaria da Ci\u00eancia, Tecnologia e Educa\u00e7\u00e3o Superior (Secitece), substituindo o secret\u00e1rio In\u00e1cio Arruda, e do pr\u00f3-reitor de Rela\u00e7\u00f5es Institucionais, Edson Borges. Foto: Assecom\/Unilab.<\/figcaption><\/figure>\n<p style=\"text-align: justify;\">A Pr\u00f3-Reitoria de Pesquisa e P\u00f3s-gradua\u00e7\u00e3o (Proppg), em parceria com a Funda\u00e7\u00e3o do N\u00facleo de Tecnologia Industrial do Cear\u00e1 (Nutec) e apoio da Pr\u00f3-Reitoria de Rela\u00e7\u00f5es Institucionais (Proinst), realizou, no \u00faltimo dia 8, o \u201cII Semin\u00e1rio Tecnol\u00f3gico: apresenta\u00e7\u00e3o de projetos desenvolvidos pelo Nutec\u201d, no Campus das Auroras, em Reden\u00e7\u00e3o\/CE.<\/p>\n<p style=\"text-align: justify;\">O evento reuniu pesquisadores do Nutec e docentes pesquisadores da Unilab. Na mesa de abertura, participaram o reitor da Unilab, Tomaz Aroldo Santos, o presidente do Nutec, Francisco das Chagas, N\u00e1gila Drummond, secret\u00e1ria executiva da Secretaria da Ci\u00eancia, Tecnologia e Educa\u00e7\u00e3o Superior (Secitece), substituindo o secret\u00e1rio In\u00e1cio Arruda, e o pr\u00f3-reitor de Rela\u00e7\u00f5es Institucionais, Edson Borges.<\/p>\n<p style=\"text-align: justify;\">A pr\u00f3-reitora de Pesquisa e P\u00f3s-Gradua\u00e7\u00e3o, Albanise Marinho, refor\u00e7a a import\u00e2ncia do evento em p\u00f4r em contato Unilab e Nutec, que j\u00e1 acumula 37 anos de experi\u00eancia, com pesquisas consolidadas e laborat\u00f3rios bem equipados. \u201cUma parceria dessa natureza proporciona \u00e0 Unilab a oportunidade de desenvolver projetos em conjunto e utilizar laborat\u00f3rios especializados, assim como conseguir est\u00e1gios para alunos da Unilab em \u00e1reas tecnol\u00f3gicas, como Agronomia, Engenharia, F\u00edsica, Qu\u00edmica, Matem\u00e1tica e Biologia\u201d, disse.<\/p>\n<figure id=\"attachment_67653\" aria-describedby=\"caption-attachment-67653\" style=\"width: 345px\" class=\"wp-caption aligncenter\"><img loading=\"lazy\" decoding=\"async\" class=\"wp-image-67653 size-medium\" src=\"http:\/\/www.unilab.edu.br\/wp-content\/uploads\/2016\/06\/DSC_0071-345x231.jpg\" sizes=\"auto, (max-width: 345px) 100vw, 345px\" srcset=\"http:\/\/www.unilab.edu.br\/wp-content\/uploads\/2016\/06\/DSC_0071-345x231.jpg 345w, http:\/\/www.unilab.edu.br\/wp-content\/uploads\/2016\/06\/DSC_0071-768x514.jpg 768w, http:\/\/www.unilab.edu.br\/wp-content\/uploads\/2016\/06\/DSC_0071-575x385.jpg 575w, http:\/\/www.unilab.edu.br\/wp-content\/uploads\/2016\/06\/DSC_0071-448x300.jpg 448w\" alt=\"Foto: Assecom\/Unilab.\" width=\"345\" height=\"231\" \/><figcaption id=\"caption-attachment-67653\" class=\"wp-caption-text\">Foto: Assecom\/Unilab.<\/figcaption><\/figure>\n<p style=\"text-align: justify;\">O semin\u00e1rio teve apresenta\u00e7\u00f5es de projetos e grupos tem\u00e1ticos, durante todo o dia. Entre as linhas priorit\u00e1rias de pesquisa est\u00e3o Gest\u00e3o de Laborat\u00f3rios; Tecnologia; Engenharia de Energias; Transfer\u00eancia de Tecnologias para a Agricultura Familiar; Transfer\u00eancia de Tecnologias de Efici\u00eancia Energ\u00e9tica e Energias Renov\u00e1veis; Transfer\u00eancia de Tecnologias para Aproveitamento de Res\u00edduos S\u00f3lidos; Transfer\u00eancia de Tecnologias em Recursos H\u00eddricos; Constru\u00e7\u00e3o Civil; e Transfer\u00eancia de Tecnologias de Baixo Custo para Conviv\u00eancia com o Semi-\u00c1rido.<\/p>\n<p style=\"text-align: justify;\">Em agosto est\u00e1 prevista a segunda edi\u00e7\u00e3o do Semin\u00e1rio Tecnol\u00f3gico, sobre planos, projetos e metas para o desenvolvimento sustent\u00e1vel na Regi\u00e3o do Maci\u00e7o de Baturit\u00e9, com a poss\u00edvel participa\u00e7\u00e3o do Nutec, Fiocruz, Amab e Seciteci.<\/p>\n<p>fonte: unilab.edu.br<\/p>\n","protected":false},"excerpt":{"rendered":"<p>A Pr\u00f3-Reitoria de Pesquisa e P\u00f3s-gradua\u00e7\u00e3o (Proppg), em parceria com a Funda\u00e7\u00e3o do N\u00facleo de Tecnologia Industrial do Cear\u00e1 (Nutec) e apoio da Pr\u00f3-Reitoria de Rela\u00e7\u00f5es Institucionais (Proinst), realizou, no \u00faltimo dia 8, o \u201cII Semin\u00e1rio Tecnol\u00f3gico: apresenta\u00e7\u00e3o de projetos desenvolvidos pelo Nutec\u201d, no Campus das Auroras, em Reden\u00e7\u00e3o\/CE. O evento reuniu pesquisadores do Nutec [&hellip;]<\/p>\n","protected":false},"author":2,"featured_media":813,"comment_status":"closed","ping_status":"closed","sticky":false,"template":"","format":"standard","meta":{"_uag_custom_page_level_css":"","footnotes":""},"categories":[35],"tags":[],"class_list":["post-801","post","type-post","status-publish","format-standard","has-post-thumbnail","hentry","category-postagens"],"uagb_featured_image_src":{"full":["https:\/\/proppg.unilab.edu.br\/wp-content\/uploads\/2016\/06\/DSC_0055.jpg",3872,2592,false],"thumbnail":["https:\/\/proppg.unilab.edu.br\/wp-content\/uploads\/2016\/06\/DSC_0055-142x66.jpg",142,66,true],"medium":["https:\/\/proppg.unilab.edu.br\/wp-content\/uploads\/2016\/06\/DSC_0055-246x165.jpg",246,165,true],"medium_large":["https:\/\/proppg.unilab.edu.br\/wp-content\/uploads\/2016\/06\/DSC_0055.jpg",3872,2592,false],"large":["https:\/\/proppg.unilab.edu.br\/wp-content\/uploads\/2016\/06\/DSC_0055-1024x685.jpg",1024,685,true],"1536x1536":["https:\/\/proppg.unilab.edu.br\/wp-content\/uploads\/2016\/06\/DSC_0055.jpg",1536,1028,false],"2048x2048":["https:\/\/proppg.unilab.edu.br\/wp-content\/uploads\/2016\/06\/DSC_0055.jpg",2048,1371,false]},"uagb_author_info":{"display_name":"PROPPG UNILAB","author_link":"https:\/\/proppg.unilab.edu.br\/index.php\/author\/proppg\/"},"uagb_comment_info":0,"uagb_excerpt":"A Pr\u00f3-Reitoria de Pesquisa e P\u00f3s-gradua\u00e7\u00e3o (Proppg), em parceria com a Funda\u00e7\u00e3o do N\u00facleo de Tecnologia Industrial do Cear\u00e1 (Nutec) e apoio da Pr\u00f3-Reitoria de Rela\u00e7\u00f5es Institucionais (Proinst), realizou, no \u00faltimo dia 8, o \u201cII Semin\u00e1rio Tecnol\u00f3gico: apresenta\u00e7\u00e3o de projetos desenvolvidos pelo Nutec\u201d, no Campus das Auroras, em Reden\u00e7\u00e3o\/CE. O evento reuniu pesquisadores do Nutec&hellip;","_links":{"self":[{"href":"https:\/\/proppg.unilab.edu.br\/index.php\/wp-json\/wp\/v2\/posts\/801","targetHints":{"allow":["GET"]}}],"collection":[{"href":"https:\/\/proppg.unilab.edu.br\/index.php\/wp-json\/wp\/v2\/posts"}],"about":[{"href":"https:\/\/proppg.unilab.edu.br\/index.php\/wp-json\/wp\/v2\/types\/post"}],"author":[{"embeddable":true,"href":"https:\/\/proppg.unilab.edu.br\/index.php\/wp-json\/wp\/v2\/users\/2"}],"replies":[{"embeddable":true,"href":"https:\/\/proppg.unilab.edu.br\/index.php\/wp-json\/wp\/v2\/comments?post=801"}],"version-history":[{"count":4,"href":"https:\/\/proppg.unilab.edu.br\/index.php\/wp-json\/wp\/v2\/posts\/801\/revisions"}],"predecessor-version":[{"id":817,"href":"https:\/\/proppg.unilab.edu.br\/index.php\/wp-json\/wp\/v2\/posts\/801\/revisions\/817"}],"wp:featuredmedia":[{"embeddable":true,"href":"https:\/\/proppg.unilab.edu.br\/index.php\/wp-json\/wp\/v2\/media\/813"}],"wp:attachment":[{"href":"https:\/\/proppg.unilab.edu.br\/index.php\/wp-json\/wp\/v2\/media?parent=801"}],"wp:term":[{"taxonomy":"category","embeddable":true,"href":"https:\/\/proppg.unilab.edu.br\/index.php\/wp-json\/wp\/v2\/categories?post=801"},{"taxonomy":"post_tag","embeddable":true,"href":"https:\/\/proppg.unilab.edu.br\/index.php\/wp-json\/wp\/v2\/tags?post=801"}],"curies":[{"name":"wp","href":"https:\/\/api.w.org\/{rel}","templated":true}]}}