{"id":4173,"date":"2022-05-24T19:43:13","date_gmt":"2022-05-24T22:43:13","guid":{"rendered":"https:\/\/proppg.unilab.edu.br\/?p=4173"},"modified":"2022-06-01T16:26:36","modified_gmt":"2022-06-01T19:26:36","slug":"proppg-faz-articulacoes-com-a-fiec-para-acoes-de-inovacao-e-empreendedorismo-na-unilab","status":"publish","type":"post","link":"https:\/\/proppg.unilab.edu.br\/index.php\/sem-categoria\/proppg-faz-articulacoes-com-a-fiec-para-acoes-de-inovacao-e-empreendedorismo-na-unilab\/","title":{"rendered":"PROPPG faz articula\u00e7\u00f5es com a FIEC para a\u00e7\u00f5es de inova\u00e7\u00e3o e empreendedorismo na UNILAB"},"content":{"rendered":"<p>A Pr\u00f3-Reitoria de Pesquisa e P\u00f3s-Gradua\u00e7\u00e3o participou de agenda institucional na Federa\u00e7\u00e3o das Ind\u00fastrias do Cear\u00e1 (FIEC) para alinhamento de a\u00e7\u00f5es estrat\u00e9gicas de inova\u00e7\u00e3o e empreendedorismo na Universidade da Integra\u00e7\u00e3o Internacional da Lusofonia Afro-Brasileira (UNILAB). A reuni\u00e3o, realizada no dia 23 de maio de 2022, contou com a presen\u00e7a do Pr\u00f3-Reitor de Pesquisa e P\u00f3s-Gradua\u00e7\u00e3o, prof. Olavo Garantizado,\u00a0 representando a Unilab, e de Priscila Caracas (Masterplan), representando a FIEC.<\/p>\n<figure id=\"attachment_4174\" aria-describedby=\"caption-attachment-4174\" style=\"width: 220px\" class=\"wp-caption aligncenter\"><img loading=\"lazy\" decoding=\"async\" class=\"wp-image-4174 size-medium\" src=\"https:\/\/proppg.unilab.edu.br\/wp-content\/uploads\/2022\/05\/IMG_20220523_155216-220x165.jpg\" alt=\"\" width=\"220\" height=\"165\" srcset=\"https:\/\/proppg.unilab.edu.br\/wp-content\/uploads\/2022\/05\/IMG_20220523_155216-220x165.jpg 220w, https:\/\/proppg.unilab.edu.br\/wp-content\/uploads\/2022\/05\/IMG_20220523_155216-1024x768.jpg 1024w, https:\/\/proppg.unilab.edu.br\/wp-content\/uploads\/2022\/05\/IMG_20220523_155216-1536x1152.jpg 1536w, https:\/\/proppg.unilab.edu.br\/wp-content\/uploads\/2022\/05\/IMG_20220523_155216-2048x1536.jpg 2048w\" sizes=\"auto, (max-width: 220px) 100vw, 220px\" \/><figcaption id=\"caption-attachment-4174\" class=\"wp-caption-text\">Prof. Olavo Garantizado (UNILAB) em reuni\u00e3o na FIEC<\/figcaption><\/figure>\n<p>Em pauta, foram discutidas iniciativas que visam iniciar o planejamento de a\u00e7\u00f5es que envolvem a montagem do Ecossistema de inova\u00e7\u00e3o e empreendedorismo na Unilab.\u00a0 Para o prof. Olavo Garantizado, &#8220;nos \u00faltimos dois anos, a Unilab avan\u00e7ou muito na participa\u00e7\u00e3o do ecossistema de inova\u00e7\u00e3o do Estado do Cear\u00e1. Nos \u00faltimos meses, buscamos criar subs\u00eddios jur\u00eddicos, mapeamos potenciais agentes de inova\u00e7\u00e3o, criamos cursos e forma\u00e7\u00f5es focadas no empreendedorismo&#8221;. Para o professor, essas estrat\u00e9gias s\u00e3o cruciais para &#8220;o desenvolvimento do ambiente inovador institucional&#8221;, continuou.<\/p>\n<p>A PROPPG est\u00e1 iniciando um conjunto de atividades que objetivam, em at\u00e9 18 meses, ter as primeiras incuba\u00e7\u00f5es de empresas de base tecnol\u00f3gica na institui\u00e7\u00e3o.<\/p>\n<p>Mais informa\u00e7\u00f5es:<\/p>\n<p>proppg@unilab.edu.br<\/p>\n","protected":false},"excerpt":{"rendered":"<p>A Pr\u00f3-Reitoria de Pesquisa e P\u00f3s-Gradua\u00e7\u00e3o participou de agenda institucional na Federa\u00e7\u00e3o das Ind\u00fastrias do Cear\u00e1 (FIEC) para alinhamento de a\u00e7\u00f5es estrat\u00e9gicas de inova\u00e7\u00e3o e empreendedorismo na Universidade da Integra\u00e7\u00e3o Internacional da Lusofonia Afro-Brasileira (UNILAB). A reuni\u00e3o, realizada no dia 23 de maio de 2022, contou com a presen\u00e7a do Pr\u00f3-Reitor de Pesquisa e P\u00f3s-Gradua\u00e7\u00e3o, [&hellip;]<\/p>\n","protected":false},"author":2,"featured_media":4174,"comment_status":"closed","ping_status":"closed","sticky":false,"template":"","format":"standard","meta":{"_uag_custom_page_level_css":"","footnotes":""},"categories":[35,1],"tags":[205,170,173],"class_list":["post-4173","post","type-post","status-publish","format-standard","has-post-thumbnail","hentry","category-postagens","category-sem-categoria","tag-empreendedorismo","tag-inovacao-tecnologica","tag-proppgunilab"],"uagb_featured_image_src":{"full":["https:\/\/proppg.unilab.edu.br\/wp-content\/uploads\/2022\/05\/IMG_20220523_155216-scaled.jpg",2560,1920,false],"thumbnail":["https:\/\/proppg.unilab.edu.br\/wp-content\/uploads\/2022\/05\/IMG_20220523_155216-142x66.jpg",142,66,true],"medium":["https:\/\/proppg.unilab.edu.br\/wp-content\/uploads\/2022\/05\/IMG_20220523_155216-220x165.jpg",220,165,true],"medium_large":["https:\/\/proppg.unilab.edu.br\/wp-content\/uploads\/2022\/05\/IMG_20220523_155216-scaled.jpg",2560,1920,false],"large":["https:\/\/proppg.unilab.edu.br\/wp-content\/uploads\/2022\/05\/IMG_20220523_155216-1024x768.jpg",1024,768,true],"1536x1536":["https:\/\/proppg.unilab.edu.br\/wp-content\/uploads\/2022\/05\/IMG_20220523_155216-1536x1152.jpg",1536,1152,true],"2048x2048":["https:\/\/proppg.unilab.edu.br\/wp-content\/uploads\/2022\/05\/IMG_20220523_155216-2048x1536.jpg",2048,1536,true]},"uagb_author_info":{"display_name":"PROPPG UNILAB","author_link":"https:\/\/proppg.unilab.edu.br\/index.php\/author\/proppg\/"},"uagb_comment_info":0,"uagb_excerpt":"A Pr\u00f3-Reitoria de Pesquisa e P\u00f3s-Gradua\u00e7\u00e3o participou de agenda institucional na Federa\u00e7\u00e3o das Ind\u00fastrias do Cear\u00e1 (FIEC) para alinhamento de a\u00e7\u00f5es estrat\u00e9gicas de inova\u00e7\u00e3o e empreendedorismo na Universidade da Integra\u00e7\u00e3o Internacional da Lusofonia Afro-Brasileira (UNILAB). A reuni\u00e3o, realizada no dia 23 de maio de 2022, contou com a presen\u00e7a do Pr\u00f3-Reitor de Pesquisa e P\u00f3s-Gradua\u00e7\u00e3o,&hellip;","_links":{"self":[{"href":"https:\/\/proppg.unilab.edu.br\/index.php\/wp-json\/wp\/v2\/posts\/4173","targetHints":{"allow":["GET"]}}],"collection":[{"href":"https:\/\/proppg.unilab.edu.br\/index.php\/wp-json\/wp\/v2\/posts"}],"about":[{"href":"https:\/\/proppg.unilab.edu.br\/index.php\/wp-json\/wp\/v2\/types\/post"}],"author":[{"embeddable":true,"href":"https:\/\/proppg.unilab.edu.br\/index.php\/wp-json\/wp\/v2\/users\/2"}],"replies":[{"embeddable":true,"href":"https:\/\/proppg.unilab.edu.br\/index.php\/wp-json\/wp\/v2\/comments?post=4173"}],"version-history":[{"count":6,"href":"https:\/\/proppg.unilab.edu.br\/index.php\/wp-json\/wp\/v2\/posts\/4173\/revisions"}],"predecessor-version":[{"id":4180,"href":"https:\/\/proppg.unilab.edu.br\/index.php\/wp-json\/wp\/v2\/posts\/4173\/revisions\/4180"}],"wp:featuredmedia":[{"embeddable":true,"href":"https:\/\/proppg.unilab.edu.br\/index.php\/wp-json\/wp\/v2\/media\/4174"}],"wp:attachment":[{"href":"https:\/\/proppg.unilab.edu.br\/index.php\/wp-json\/wp\/v2\/media?parent=4173"}],"wp:term":[{"taxonomy":"category","embeddable":true,"href":"https:\/\/proppg.unilab.edu.br\/index.php\/wp-json\/wp\/v2\/categories?post=4173"},{"taxonomy":"post_tag","embeddable":true,"href":"https:\/\/proppg.unilab.edu.br\/index.php\/wp-json\/wp\/v2\/tags?post=4173"}],"curies":[{"name":"wp","href":"https:\/\/api.w.org\/{rel}","templated":true}]}}