{"id":3971,"date":"2022-02-21T16:51:00","date_gmt":"2022-02-21T19:51:00","guid":{"rendered":"https:\/\/proppg.unilab.edu.br\/?p=3971"},"modified":"2022-02-21T20:57:45","modified_gmt":"2022-02-21T23:57:45","slug":"i-ciclo-de-acoes-dos-projetos-unilab-inovando-e-empreender-unilab-2","status":"publish","type":"post","link":"https:\/\/proppg.unilab.edu.br\/index.php\/coordenacao-de-inovacao-tecnologica\/i-ciclo-de-acoes-dos-projetos-unilab-inovando-e-empreender-unilab-2\/","title":{"rendered":"I Ciclo de A\u00e7\u00f5es dos Projetos Unilab Inovando e Empreender Unilab"},"content":{"rendered":"<p><img loading=\"lazy\" decoding=\"async\" class=\" wp-image-4053 aligncenter\" src=\"https:\/\/proppg.unilab.edu.br\/wp-content\/uploads\/2022\/02\/20220214_171517_0000-355x142.png\" alt=\"\" width=\"745\" height=\"298\" srcset=\"https:\/\/proppg.unilab.edu.br\/wp-content\/uploads\/2022\/02\/20220214_171517_0000-355x142.png 355w, https:\/\/proppg.unilab.edu.br\/wp-content\/uploads\/2022\/02\/20220214_171517_0000-1024x410.png 1024w, https:\/\/proppg.unilab.edu.br\/wp-content\/uploads\/2022\/02\/20220214_171517_0000.png 1100w\" sizes=\"auto, (max-width: 745px) 100vw, 745px\" \/><\/p>\n<p style=\"text-align: justify;\"><strong>O I Ciclo de A\u00e7\u00f5es dos Projetos Unilab Inovando e Empreender Unilab consiste na organiza\u00e7\u00e3o e disponibiliza\u00e7\u00e3o de eventos onlines s\u00edncronos\u00a0 \u00e0 comunidade acad\u00eamica da Unilab, entre os meses de fevereiro e junho de 2022, abordando as tem\u00e1ticas Inova\u00e7\u00e3o e Empreendedorismo.<\/strong><\/p>\n<ul>\n<li><strong>P\u00e1gina Oficial: <a href=\"https:\/\/www.even3.com.br\/unilabinovando2022\" target=\"_blank\" rel=\"noopener\">https:\/\/www.even3.com.br\/unilabinovando2022<\/a><\/strong><\/li>\n<\/ul>\n<p>&nbsp;<\/p>\n<h6><strong>\u00a0 \u00a0Instru\u00e7\u00f5es para participar:<\/strong><\/h6>\n<ol>\n<li><strong>Fa\u00e7a o seu login no <a href=\"https:\/\/www.even3.com.br\/\" target=\"_blank\" rel=\"noopener\">Even3<\/a> (se n\u00e3o tiver uma conta, crie. \u00c9 r\u00e1pido e gratuito!);<\/strong><\/li>\n<li><strong>Ap\u00f3s fazer o login, voc\u00ea pode se inscrever no <a href=\"https:\/\/www.even3.com.br\/unilabinovando2022\" target=\"_blank\" rel=\"noopener\">I Ciclo de A\u00e7\u00f5es<\/a>;<\/strong><\/li>\n<li><strong>Pronto! Depois de inscrito no I Ciclo de A\u00e7\u00f5es, voc\u00ea poder\u00e1 participar das atividades que ter\u00e3o ao longo dos meses. Lembre-se: fique de olho no instragram da Proppg (@proppg.unilab), pois os eventos ser\u00e3o sempre divulgados por l\u00e1!<\/strong><\/li>\n<\/ol>\n<h6><\/h6>\n<p>&nbsp;<\/p>\n<h6><strong>\u00a0 \u00a0 \u00a0Tutoriais do Even3:<\/strong><\/h6>\n<ol>\n<li><strong>Como criar uma conta no Even3 &#8211; <a href=\"https:\/\/ajuda.even3.com.br\/hc\/pt-br\/articles\/115003474663-Criar-minha-conta-na-Even3\" target=\"_blank\" rel=\"noopener\">Clique aqui<\/a>;<\/strong><\/li>\n<li><strong>Como se inscrever no I Ciclo de A\u00e7\u00f5es &#8211; <a href=\"https:\/\/drive.google.com\/file\/d\/1LTqcWiPtqTWgAxatz0fzOpiTzoJIj34Y\/view?usp=sharing\" target=\"_blank\" rel=\"noopener\">Clique aqui<\/a>;<\/strong><\/li>\n<li><strong>Como acessar as atividades no dia &#8211; <a href=\"https:\/\/drive.google.com\/file\/d\/1Y53dnQHLWR5nqpB0cQIc2WIwtuAJr4ux\/view\" target=\"_blank\" rel=\"noopener\">Clique aqui<\/a>;<\/strong><\/li>\n<li><strong>Como ter acesso aos seus certificados &#8211; <a href=\"https:\/\/drive.google.com\/file\/d\/1h9K6FL9zr-805fMcFESEM3rXrqSnK3cG\/view?usp=sharing\" target=\"_blank\" rel=\"noopener\">Clique aqui<\/a>.<\/strong><\/li>\n<\/ol>\n<p>&nbsp;<\/p>\n<h6>Cronograma: <a href=\"https:\/\/proppg.unilab.edu.br\/wp-content\/uploads\/2022\/02\/Cronograma-Eventos.pdf\" target=\"_blank\" rel=\"noopener\">Detalhes<\/a><\/h6>\n<p>[pdf-embedder url=&#8221;https:\/\/proppg.unilab.edu.br\/wp-content\/uploads\/2022\/02\/Cronograma.pdf&#8221;]<\/p>\n","protected":false},"excerpt":{"rendered":"<p>O I Ciclo de A\u00e7\u00f5es dos Projetos Unilab Inovando e Empreender Unilab consiste na organiza\u00e7\u00e3o e disponibiliza\u00e7\u00e3o de eventos onlines s\u00edncronos\u00a0 \u00e0 comunidade acad\u00eamica da Unilab, entre os meses de fevereiro e junho de 2022, abordando as tem\u00e1ticas Inova\u00e7\u00e3o e Empreendedorismo. P\u00e1gina Oficial: https:\/\/www.even3.com.br\/unilabinovando2022 &nbsp; \u00a0 \u00a0Instru\u00e7\u00f5es para participar: Fa\u00e7a o seu login no Even3 [&hellip;]<\/p>\n","protected":false},"author":2,"featured_media":4082,"comment_status":"closed","ping_status":"closed","sticky":false,"template":"","format":"standard","meta":{"_uag_custom_page_level_css":"","footnotes":""},"categories":[40],"tags":[],"class_list":["post-3971","post","type-post","status-publish","format-standard","has-post-thumbnail","hentry","category-coordenacao-de-inovacao-tecnologica"],"uagb_featured_image_src":{"full":["https:\/\/proppg.unilab.edu.br\/wp-content\/uploads\/2022\/02\/20220221_163052_0000.png",1280,720,false],"thumbnail":["https:\/\/proppg.unilab.edu.br\/wp-content\/uploads\/2022\/02\/20220221_163052_0000-142x66.png",142,66,true],"medium":["https:\/\/proppg.unilab.edu.br\/wp-content\/uploads\/2022\/02\/20220221_163052_0000-293x165.png",293,165,true],"medium_large":["https:\/\/proppg.unilab.edu.br\/wp-content\/uploads\/2022\/02\/20220221_163052_0000.png",1280,720,false],"large":["https:\/\/proppg.unilab.edu.br\/wp-content\/uploads\/2022\/02\/20220221_163052_0000-1024x576.png",1024,576,true],"1536x1536":["https:\/\/proppg.unilab.edu.br\/wp-content\/uploads\/2022\/02\/20220221_163052_0000.png",1280,720,false],"2048x2048":["https:\/\/proppg.unilab.edu.br\/wp-content\/uploads\/2022\/02\/20220221_163052_0000.png",1280,720,false]},"uagb_author_info":{"display_name":"PROPPG UNILAB","author_link":"https:\/\/proppg.unilab.edu.br\/index.php\/author\/proppg\/"},"uagb_comment_info":0,"uagb_excerpt":"O I Ciclo de A\u00e7\u00f5es dos Projetos Unilab Inovando e Empreender Unilab consiste na organiza\u00e7\u00e3o e disponibiliza\u00e7\u00e3o de eventos onlines s\u00edncronos\u00a0 \u00e0 comunidade acad\u00eamica da Unilab, entre os meses de fevereiro e junho de 2022, abordando as tem\u00e1ticas Inova\u00e7\u00e3o e Empreendedorismo. P\u00e1gina Oficial: https:\/\/www.even3.com.br\/unilabinovando2022 &nbsp; \u00a0 \u00a0Instru\u00e7\u00f5es para participar: Fa\u00e7a o seu login no Even3&hellip;","_links":{"self":[{"href":"https:\/\/proppg.unilab.edu.br\/index.php\/wp-json\/wp\/v2\/posts\/3971","targetHints":{"allow":["GET"]}}],"collection":[{"href":"https:\/\/proppg.unilab.edu.br\/index.php\/wp-json\/wp\/v2\/posts"}],"about":[{"href":"https:\/\/proppg.unilab.edu.br\/index.php\/wp-json\/wp\/v2\/types\/post"}],"author":[{"embeddable":true,"href":"https:\/\/proppg.unilab.edu.br\/index.php\/wp-json\/wp\/v2\/users\/2"}],"replies":[{"embeddable":true,"href":"https:\/\/proppg.unilab.edu.br\/index.php\/wp-json\/wp\/v2\/comments?post=3971"}],"version-history":[{"count":34,"href":"https:\/\/proppg.unilab.edu.br\/index.php\/wp-json\/wp\/v2\/posts\/3971\/revisions"}],"predecessor-version":[{"id":4086,"href":"https:\/\/proppg.unilab.edu.br\/index.php\/wp-json\/wp\/v2\/posts\/3971\/revisions\/4086"}],"wp:featuredmedia":[{"embeddable":true,"href":"https:\/\/proppg.unilab.edu.br\/index.php\/wp-json\/wp\/v2\/media\/4082"}],"wp:attachment":[{"href":"https:\/\/proppg.unilab.edu.br\/index.php\/wp-json\/wp\/v2\/media?parent=3971"}],"wp:term":[{"taxonomy":"category","embeddable":true,"href":"https:\/\/proppg.unilab.edu.br\/index.php\/wp-json\/wp\/v2\/categories?post=3971"},{"taxonomy":"post_tag","embeddable":true,"href":"https:\/\/proppg.unilab.edu.br\/index.php\/wp-json\/wp\/v2\/tags?post=3971"}],"curies":[{"name":"wp","href":"https:\/\/api.w.org\/{rel}","templated":true}]}}