{"id":1687,"date":"2018-01-30T15:10:40","date_gmt":"2018-01-30T18:10:40","guid":{"rendered":"http:\/\/proppg.unilab.edu.br\/?p=1687"},"modified":"2018-01-30T15:35:41","modified_gmt":"2018-01-30T18:35:41","slug":"mih-area-de-concentracao-e-linhas-de-pesquisa","status":"publish","type":"post","link":"https:\/\/proppg.unilab.edu.br\/index.php\/pos-graduacao\/stricto-sensu\/mih\/mih-area-de-concentracao-e-linhas-de-pesquisa\/","title":{"rendered":"MIH &#8211; \u00c1rea de Concentra\u00e7\u00e3o e Linhas de Pesquisa"},"content":{"rendered":"<p>O Programa de P\u00f3s-Gradua\u00e7\u00e3o Interdisciplinar em Humanidades da Unilab, vinculado ao Instituto de Humanidades e Letras, tem por objetivo principal desenvolver atividades de ensino e pesquisa de car\u00e1ter interdisciplinar. Iniciou suas atividades no n\u00edvel de mestrado em 2016, a partir da converg\u00eancia tem\u00e1tica de um grupo de professores-pesquisadores provenientes\u00a0do Instituto de Humanidades e Letras. O Programa\u00a0\u00e9 reconhecido pela CAPES, tendo sido recomendado com a nota 3,0. O ingresso no mestrado acontece anualmente e, n\u00e3o obstante o Programa N\u00c3O garantir a concess\u00e3o de bolsas, os\/as mestrando\/as contam com a possibilidade de serem contemplados com bolsas de estudo\u00a0 da\u00a0CAPES, da Funcap e da pr\u00f3pria Unilab..<\/p>\n<p>O MIH tem uma \u00e1rea\u00a0de concentra\u00e7\u00e3o e duas linhas de pesquisa:<\/p>\n<h3>Estudos Interdisciplinares em Humanidades:<\/h3>\n<p>A \u00e1rea de concentra\u00e7\u00e3o contribuir\u00e1 com uma forma\u00e7\u00e3o epistemol\u00f3gica, comprometida com a pesquisa e\/ou doc\u00eancia de natureza interdisciplinar e intercultural, em Humanidades. Tendo como prop\u00f3sito a internacionaliza\u00e7\u00e3o, interioriza\u00e7\u00e3o e integra\u00e7\u00e3o dos saberes, o mestrado estimular\u00e1 a produ\u00e7\u00e3o e difus\u00e3o de conhecimentos no campo das Humanidades, especialmente no escopo dos temas elencados em suas linhas de pesquisa: Educa\u00e7\u00e3o, Pol\u00edtica e Linguagens e Trabalho, Desenvolvimento e Migra\u00e7\u00f5es. Com base nos saberes\/conhecimentos gerados pelas investiga\u00e7\u00f5es nas duas linhas, o programa contribuir\u00e1 com uma reflex\u00e3o cr\u00edtica e criativa sobre (e para a minimiza\u00e7\u00e3o dos) efeitos decorrentes da crescente especializa\u00e7\u00e3o e fragmenta\u00e7\u00e3o do conhecimento cient\u00edfico e com o respeito \u00e0 diversidade e sentido\/significado de humanidade e mundo presentes nas m\u00faltiplas culturas.<\/p>\n<h3>Linha de Pesquisa 1 \u2013 Educa\u00e7\u00e3o, Pol\u00edtica e Linguagens:<\/h3>\n<p>Esta linha de pesquisa objetiva desenvolver investiga\u00e7\u00f5es no campo da educa\u00e7\u00e3o, da pol\u00edtica e das linguagens, considerando os processos subjetivos e sociais que possibilitam o reconhecimento identit\u00e1rio de diferentes grupos no que diz respeito a aspectos como diversidade, singularidade e afirma\u00e7\u00e3o de processos hist\u00f3rico-culturais. Fundamentada numa abordagem tica, cr\u00edtica e interdisciplinar, a linha de pesquisa valoriza o compartilhamento de teorias, m\u00e9todos e conhecimentos da Filosofia, Letras, Pedagogia, Sociologia, Antropologia e Hist\u00f3ria. Em consequ\u00eancia disso, a linha privilegia os seguintes temas de pesquisa: forma\u00e7\u00e3o e trabalho docente, ensino de l\u00ednguas e de ci\u00eancias humanas, argumenta\u00e7\u00e3o e modalidades, h\u00e1bitos e construto de identidade pessoal e coletiva, gesto e pol\u00edtica educacional, educa\u00e7\u00e3o e rela\u00e7\u00f5es \u00e9tnico-raciais, ensino b\u00e1sico e superior e coopera\u00e7\u00e3o internacional, desenvolvimento urbano e regional, corpo, subjetividade e micropol\u00edtica, cr\u00edtica da economia pol\u00edtica, arte, est\u00e9tica, literatura e interculturalidade.<\/p>\n<h3>Linha de Pesquisa 2 \u2013 Trabalho, Desenvolvimento e Migra\u00e7\u00f5es:<\/h3>\n<p>Esta linha de pesquisa tem por objetivo investigar os processos hist\u00f3ricos e sociais das comunidades, grupos e populares em contextos interculturais, especialmente o contexto dos pa\u00edses africanos e do Brasil, privilegiando os seguintes temas: colonialismo e p\u00f3s-colonialismo; Estado, desenvolvimento e pol\u00edticas p\u00fablicas; migra\u00e7\u00e3o, nacionalidades; democracia; di\u00e1spora e diversidade cultural; ritos, simbolismos, integra\u00e7\u00e3o e identidades; hist\u00f3ria e luta de classes; trabalho e educa\u00e7\u00e3o; corpo, sa\u00fade e doen\u00e7as; mem\u00f3ria e resist\u00eancia ind\u00edgena. Os conhecimentos produzidos nessa linha assentam-se no exerc\u00edcio de uma pr\u00e1xis interdisciplinar, contando com as an\u00e1lises da Antropologia, Hist\u00f3ria, Educa\u00e7\u00e3o, Filosofia, Sociologia, Letras e \u00e1reas afins.<\/p>\n","protected":false},"excerpt":{"rendered":"<p>O Programa de P\u00f3s-Gradua\u00e7\u00e3o Interdisciplinar em Humanidades da Unilab, vinculado ao Instituto de Humanidades e Letras, tem por objetivo principal desenvolver atividades de ensino e pesquisa de car\u00e1ter interdisciplinar. Iniciou suas atividades no n\u00edvel de mestrado em 2016, a partir da converg\u00eancia tem\u00e1tica de um grupo de professores-pesquisadores provenientes\u00a0do Instituto de Humanidades e Letras. O [&hellip;]<\/p>\n","protected":false},"author":2,"featured_media":0,"comment_status":"closed","ping_status":"closed","sticky":false,"template":"","format":"standard","meta":{"_uag_custom_page_level_css":"","footnotes":""},"categories":[47],"tags":[],"class_list":["post-1687","post","type-post","status-publish","format-standard","hentry","category-mih"],"uagb_featured_image_src":{"full":false,"thumbnail":false,"medium":false,"medium_large":false,"large":false,"1536x1536":false,"2048x2048":false},"uagb_author_info":{"display_name":"PROPPG UNILAB","author_link":"https:\/\/proppg.unilab.edu.br\/index.php\/author\/proppg\/"},"uagb_comment_info":0,"uagb_excerpt":"O Programa de P\u00f3s-Gradua\u00e7\u00e3o Interdisciplinar em Humanidades da Unilab, vinculado ao Instituto de Humanidades e Letras, tem por objetivo principal desenvolver atividades de ensino e pesquisa de car\u00e1ter interdisciplinar. Iniciou suas atividades no n\u00edvel de mestrado em 2016, a partir da converg\u00eancia tem\u00e1tica de um grupo de professores-pesquisadores provenientes\u00a0do Instituto de Humanidades e Letras. O&hellip;","_links":{"self":[{"href":"https:\/\/proppg.unilab.edu.br\/index.php\/wp-json\/wp\/v2\/posts\/1687","targetHints":{"allow":["GET"]}}],"collection":[{"href":"https:\/\/proppg.unilab.edu.br\/index.php\/wp-json\/wp\/v2\/posts"}],"about":[{"href":"https:\/\/proppg.unilab.edu.br\/index.php\/wp-json\/wp\/v2\/types\/post"}],"author":[{"embeddable":true,"href":"https:\/\/proppg.unilab.edu.br\/index.php\/wp-json\/wp\/v2\/users\/2"}],"replies":[{"embeddable":true,"href":"https:\/\/proppg.unilab.edu.br\/index.php\/wp-json\/wp\/v2\/comments?post=1687"}],"version-history":[{"count":2,"href":"https:\/\/proppg.unilab.edu.br\/index.php\/wp-json\/wp\/v2\/posts\/1687\/revisions"}],"predecessor-version":[{"id":1716,"href":"https:\/\/proppg.unilab.edu.br\/index.php\/wp-json\/wp\/v2\/posts\/1687\/revisions\/1716"}],"wp:attachment":[{"href":"https:\/\/proppg.unilab.edu.br\/index.php\/wp-json\/wp\/v2\/media?parent=1687"}],"wp:term":[{"taxonomy":"category","embeddable":true,"href":"https:\/\/proppg.unilab.edu.br\/index.php\/wp-json\/wp\/v2\/categories?post=1687"},{"taxonomy":"post_tag","embeddable":true,"href":"https:\/\/proppg.unilab.edu.br\/index.php\/wp-json\/wp\/v2\/tags?post=1687"}],"curies":[{"name":"wp","href":"https:\/\/api.w.org\/{rel}","templated":true}]}}