{"id":1352,"date":"2017-04-04T09:30:37","date_gmt":"2017-04-04T12:30:37","guid":{"rendered":"http:\/\/proppg.unilab.edu.br\/?p=1352"},"modified":"2022-06-01T16:37:18","modified_gmt":"2022-06-01T19:37:18","slug":"mestrado-em-antropologia-abre-inscricoes","status":"publish","type":"post","link":"https:\/\/proppg.unilab.edu.br\/index.php\/postagens\/mestrado-em-antropologia-abre-inscricoes\/","title":{"rendered":"Mestrado em Antropologia abre inscri\u00e7\u00f5es"},"content":{"rendered":"<p><img loading=\"lazy\" decoding=\"async\" class=\"aligncenter size-medium wp-image-1353\" src=\"https:\/\/proppg.unilab.edu.br\/wp-content\/uploads\/2017\/04\/PPGA-ufc-unilab2-01-317x165.jpg\" alt=\"\" width=\"317\" height=\"165\" srcset=\"https:\/\/proppg.unilab.edu.br\/wp-content\/uploads\/2017\/04\/PPGA-ufc-unilab2-01-317x165.jpg 317w, https:\/\/proppg.unilab.edu.br\/wp-content\/uploads\/2017\/04\/PPGA-ufc-unilab2-01-1024x532.jpg 1024w, https:\/\/proppg.unilab.edu.br\/wp-content\/uploads\/2017\/04\/PPGA-ufc-unilab2-01.jpg 1181w\" sizes=\"auto, (max-width: 317px) 100vw, 317px\" \/><\/p>\n<p>O Programa Associado de P\u00f3s-gradua\u00e7\u00e3o stricto sensu em Antropologia da Universidade Federal do Cear\u00e1 e da Universidade da Integra\u00e7\u00e3o Internacional da Lusofonia Afro-Brasileira (PPGA-UFC\/Unilab) lan\u00e7ou o edital de sele\u00e7\u00e3o de Mestrado 2017.<\/p>\n<p>As inscri\u00e7\u00f5es para o processo seletivo v\u00e3o at\u00e9 8 de maio e est\u00e3o abertas a candidatos graduados em cursos superiores reconhecidos pelo Minist\u00e9rio da Educa\u00e7\u00e3o (MEC), na \u00e1rea de Ci\u00eancias Sociais ou em outras \u00e1reas do conhecimento, desde que apresentem em seu hist\u00f3rico escolar do curso de gradua\u00e7\u00e3o ou de especializa\u00e7\u00e3o o registro de, no m\u00ednimo, tr\u00eas disciplinas conclu\u00eddas nas \u00e1reas de Ci\u00eancias Sociais (Antropologia, Sociologia e Ci\u00eancia Pol\u00edtica).<\/p>\n<p>O PPGA possui duas linhas de pesquisa: 1) \u201cNarrativas, Simbolismos e Emo\u00e7\u00f5es\u201d e 2) \u201cDiferen\u00e7a, Poder e Epistemologias\u201d. As vagas oferecidas pelo PPGA ser\u00e3o distribu\u00eddas entre essas duas Linhas de Pesquisa da seguinte forma: 10 (dez) vagas gerais (de ampla concorr\u00eancia) e 3 (tr\u00eas) vagas exclusivamente do sistema de cotas, totalizando 13 (treze) vagas. As vagas do sistema de cotas ser\u00e3o distribu\u00eddas em 1 (uma) para candidatos autodeclarados ind\u00edgenas e 2 (duas) para candidatos autodeclarados negros, com nacionalidade brasileira ou estrangeiros com visto de residente no Brasil, que optarem por participar da Pol\u00edtica de Acesso Afirmativo do Programa.<\/p>\n<p><a href=\"http:\/\/www.unilab.ppga.ufc.br\/\">Edital e outras informa\u00e7\u00f5es na p\u00e1gina do programa.<\/a><\/p>\n","protected":false},"excerpt":{"rendered":"<p>O Programa Associado de P\u00f3s-gradua\u00e7\u00e3o stricto sensu em Antropologia da Universidade Federal do Cear\u00e1 e da Universidade da Integra\u00e7\u00e3o Internacional da Lusofonia Afro-Brasileira (PPGA-UFC\/Unilab) lan\u00e7ou o edital de sele\u00e7\u00e3o de Mestrado 2017. As inscri\u00e7\u00f5es para o processo seletivo v\u00e3o at\u00e9 8 de maio e est\u00e3o abertas a candidatos graduados em cursos superiores reconhecidos pelo Minist\u00e9rio [&hellip;]<\/p>\n","protected":false},"author":2,"featured_media":1353,"comment_status":"closed","ping_status":"closed","sticky":false,"template":"","format":"standard","meta":{"_uag_custom_page_level_css":"","footnotes":""},"categories":[35],"tags":[],"class_list":["post-1352","post","type-post","status-publish","format-standard","has-post-thumbnail","hentry","category-postagens"],"uagb_featured_image_src":{"full":["https:\/\/proppg.unilab.edu.br\/wp-content\/uploads\/2017\/04\/PPGA-ufc-unilab2-01.jpg",1181,614,false],"thumbnail":["https:\/\/proppg.unilab.edu.br\/wp-content\/uploads\/2017\/04\/PPGA-ufc-unilab2-01-142x66.jpg",142,66,true],"medium":["https:\/\/proppg.unilab.edu.br\/wp-content\/uploads\/2017\/04\/PPGA-ufc-unilab2-01-317x165.jpg",317,165,true],"medium_large":["https:\/\/proppg.unilab.edu.br\/wp-content\/uploads\/2017\/04\/PPGA-ufc-unilab2-01.jpg",1181,614,false],"large":["https:\/\/proppg.unilab.edu.br\/wp-content\/uploads\/2017\/04\/PPGA-ufc-unilab2-01-1024x532.jpg",1024,532,true],"1536x1536":["https:\/\/proppg.unilab.edu.br\/wp-content\/uploads\/2017\/04\/PPGA-ufc-unilab2-01.jpg",1181,614,false],"2048x2048":["https:\/\/proppg.unilab.edu.br\/wp-content\/uploads\/2017\/04\/PPGA-ufc-unilab2-01.jpg",1181,614,false]},"uagb_author_info":{"display_name":"PROPPG UNILAB","author_link":"https:\/\/proppg.unilab.edu.br\/index.php\/author\/proppg\/"},"uagb_comment_info":0,"uagb_excerpt":"O Programa Associado de P\u00f3s-gradua\u00e7\u00e3o stricto sensu em Antropologia da Universidade Federal do Cear\u00e1 e da Universidade da Integra\u00e7\u00e3o Internacional da Lusofonia Afro-Brasileira (PPGA-UFC\/Unilab) lan\u00e7ou o edital de sele\u00e7\u00e3o de Mestrado 2017. As inscri\u00e7\u00f5es para o processo seletivo v\u00e3o at\u00e9 8 de maio e est\u00e3o abertas a candidatos graduados em cursos superiores reconhecidos pelo Minist\u00e9rio&hellip;","_links":{"self":[{"href":"https:\/\/proppg.unilab.edu.br\/index.php\/wp-json\/wp\/v2\/posts\/1352","targetHints":{"allow":["GET"]}}],"collection":[{"href":"https:\/\/proppg.unilab.edu.br\/index.php\/wp-json\/wp\/v2\/posts"}],"about":[{"href":"https:\/\/proppg.unilab.edu.br\/index.php\/wp-json\/wp\/v2\/types\/post"}],"author":[{"embeddable":true,"href":"https:\/\/proppg.unilab.edu.br\/index.php\/wp-json\/wp\/v2\/users\/2"}],"replies":[{"embeddable":true,"href":"https:\/\/proppg.unilab.edu.br\/index.php\/wp-json\/wp\/v2\/comments?post=1352"}],"version-history":[{"count":1,"href":"https:\/\/proppg.unilab.edu.br\/index.php\/wp-json\/wp\/v2\/posts\/1352\/revisions"}],"predecessor-version":[{"id":1354,"href":"https:\/\/proppg.unilab.edu.br\/index.php\/wp-json\/wp\/v2\/posts\/1352\/revisions\/1354"}],"wp:featuredmedia":[{"embeddable":true,"href":"https:\/\/proppg.unilab.edu.br\/index.php\/wp-json\/wp\/v2\/media\/1353"}],"wp:attachment":[{"href":"https:\/\/proppg.unilab.edu.br\/index.php\/wp-json\/wp\/v2\/media?parent=1352"}],"wp:term":[{"taxonomy":"category","embeddable":true,"href":"https:\/\/proppg.unilab.edu.br\/index.php\/wp-json\/wp\/v2\/categories?post=1352"},{"taxonomy":"post_tag","embeddable":true,"href":"https:\/\/proppg.unilab.edu.br\/index.php\/wp-json\/wp\/v2\/tags?post=1352"}],"curies":[{"name":"wp","href":"https:\/\/api.w.org\/{rel}","templated":true}]}}