{"id":1067,"date":"2016-09-16T11:56:11","date_gmt":"2016-09-16T14:56:11","guid":{"rendered":"http:\/\/proppg.unilab.edu.br\/?p=1067"},"modified":"2016-09-16T11:56:11","modified_gmt":"2016-09-16T14:56:11","slug":"masts-acervo","status":"publish","type":"post","link":"https:\/\/proppg.unilab.edu.br\/index.php\/pos-graduacao\/stricto-sensu\/masts\/masts-acervo\/","title":{"rendered":"Masts &#8211; Acervo"},"content":{"rendered":"<p style=\"font-weight: 300;\"><span style=\"font-style: inherit; font-weight: inherit;\">BRAGA, B. et al. <strong>Introdu\u00e7\u00e3o \u00e0 engenharia ambiental<\/strong>. 2. ed. S\u00e3o Paulo: Pearson Prentice Hall, 2005. <\/span><\/p>\n<p style=\"font-weight: 300;\"><span style=\"font-style: inherit; font-weight: inherit;\">Dispon\u00edvel em:\u00a0 <\/span><a style=\"font-style: inherit; font-weight: inherit;\" href=\"http:\/\/www.passeidireto.com\/arquivo\/2135592\/introducao-a-engenharia-ambiental---2-edicao---benedito-braga-e-outros1\"><span style=\"font-style: inherit; font-weight: inherit;\">http:\/\/www.passeidireto.com\/arquivo\/2135592\/introducao-a-engenharia-ambiental\u20142-edicao\u2014benedito-braga-e-outros1<\/span><\/a><span style=\"font-style: inherit; font-weight: inherit;\">.<\/span><\/p>\n<p style=\"font-weight: 300;\"><span style=\"font-style: inherit; font-weight: inherit;\">\u00a0<\/span><\/p>\n<p style=\"font-weight: 300;\"><span style=\"font-style: inherit; font-weight: inherit;\">CARNEIRO, M.J.; DANTON, T. Agricultura e biodiversidade nas Ci\u00eancias Sociais brasileiras: alimentando a comunica\u00e7\u00e3o entre ci\u00eancia e pol\u00edticas p\u00fablicas. In.:<strong>Sociologias<\/strong>, v. 14, p. 252-289, 2012. <\/span><\/p>\n<p style=\"font-weight: 300;\"><span style=\"font-style: inherit; font-weight: inherit;\">Dispon\u00edvel em: &lt;<\/span><span style=\"font-style: inherit; font-weight: inherit;\"><a style=\"font-style: inherit; font-weight: inherit;\" href=\"http:\/\/www.scielo.br\/scielo.php?pid=S1517-45222012000200009&amp;script=sci_arttext\">http:\/\/www.scielo.br\/scielo.php?pid=S1517-45222012000200009&amp;script=sci_arttext<\/a>\u00a0<\/span><a style=\"font-style: inherit; font-weight: inherit;\" href=\"http:\/\/www.scielo.br\/pdf\/soc\/v14n30\/09.pdf\"><span style=\"font-style: inherit;\">http:\/\/www.scielo.br\/pdf\/soc\/v14n30\/09.pdf<\/span><\/a><span style=\"font-style: inherit; font-weight: inherit;\"><span style=\"font-style: inherit;\">&gt;.<\/span><\/span><\/p>\n<h4 style=\"font-weight: inherit;\"><span style=\"font-style: inherit;\">\u00a0<\/span><\/h4>\n<p style=\"font-weight: 300;\"><span style=\"font-style: inherit; font-weight: inherit;\">CAVALCANTI, C. (Org.). Desenvolvimento e natureza: estudos para uma sociedade sustent\u00e1vel. <\/span><\/p>\n<p style=\"font-weight: 300;\"><span style=\"font-style: inherit; font-weight: inherit;\">Dispon\u00edvel em: &lt;<\/span><a style=\"font-style: inherit; font-weight: inherit;\" href=\"http:\/\/biblioteca.clacso.edu.ar\/subida\/Brasil\/dipes-fundaj\/uploads\/20121129023744\/cavalcanti1.pdf\"><span style=\"font-style: inherit; font-weight: inherit;\">http:\/\/biblioteca.clacso.edu.ar\/subida\/Brasil\/dipes-fundaj\/uploads\/20121129023744\/cavalcanti1.pdf<\/span><\/a><span style=\"font-style: inherit; font-weight: inherit;\">&gt;.<\/span><\/p>\n<p style=\"font-weight: 300;\">\n<h4 style=\"font-weight: inherit;\"><span style=\"font-style: inherit;\">FERRO, A.F.P.; BONACELLI, M.B.M.; ASSAD, A.L.D. Oportunidades tecnol\u00f3gicas e estrat\u00e9gias concorrenciais de gest\u00e3o ambiental: o uso sustent\u00e1vel da biodiversidade. In.: <\/span><span style=\"font-style: inherit; font-weight: inherit;\">Gest\u00e3o &amp; Produ\u00e7\u00e3o<\/span><span style=\"font-style: inherit;\">, v. 13, p. 489-501, 2006. <\/span><\/h4>\n<h4 style=\"font-weight: inherit;\"><span style=\"font-style: inherit;\">Dispon\u00edvel em: &lt;<\/span><a style=\"font-style: inherit; font-weight: inherit;\" href=\"http:\/\/dx.doi.org\/10.1590\/S0104-530X2006000300011\"><span style=\"font-style: inherit;\">http:\/\/dx.doi.org\/10.1590\/S0104-530X2006000300011<\/span><\/a><span style=\"font-style: inherit; font-weight: inherit;\"><span style=\"font-style: inherit;\">. <\/span><\/span><a style=\"font-style: inherit; font-weight: inherit;\" href=\"http:\/\/www.scielo.br\/scielo.php?script=sci_pdf&amp;pid=S0104-530X2006000300011&amp;lng=pt&amp;nrm=iso&amp;tlng=pt\"><span style=\"font-style: inherit;\">http:\/\/www.scielo.br\/scielo.php?script=sci_pdf&amp;pid=S0104-530X2006000300011&amp;lng=pt&amp;nrm=iso&amp;tlng=pt<\/span><\/a><span style=\"font-style: inherit; font-weight: inherit;\"><span style=\"font-style: inherit;\">&gt;<\/span><\/span><\/h4>\n<p style=\"font-weight: 300;\"><span style=\"font-style: inherit; font-weight: inherit;\">\u00a0<\/span><\/p>\n<p style=\"font-weight: 300;\"><span style=\"font-style: inherit; font-weight: inherit;\">FIORIN, J. L.\u00a0Linguagem e interdisciplinaridade.<i><em>\u00a0<\/em><\/i><\/span><strong><span style=\"font-style: inherit; font-weight: inherit;\">Alea<\/span><\/strong><span style=\"font-style: inherit; font-weight: inherit;\">\u00a0[online]. v.10, n.1, p. 29-53, 2008. <\/span><\/p>\n<p style=\"font-weight: 300;\"><span style=\"font-style: inherit; font-weight: inherit;\">Dispon\u00edvel em: &lt;<\/span><a style=\"font-style: inherit; font-weight: inherit;\" href=\"http:\/\/dx.doi.org\/10.1590\/S1517-106X2008000100003\"><span style=\"font-style: inherit; font-weight: inherit;\">http:\/\/dx.doi.org\/10.1590\/S1517-106X2008000100003<\/span><\/a><span style=\"font-style: inherit; font-weight: inherit;\">&gt;.<\/span><\/p>\n<p style=\"font-weight: 300;\"><span style=\"font-style: inherit; font-weight: inherit;\">\u00a0<\/span><\/p>\n<p style=\"font-weight: 300;\"><span style=\"font-style: inherit; font-weight: inherit;\">MACIEL, R. A. In: CONTRERAS, Jes\u00fas; GRACIA, Mabel. Alimenta\u00e7\u00e3o, sociedade e cultura. Horizontes Antropol\u00f3gicos, Porto Alegre, ano 18, n. 38, p. 403-406, 2012. <\/span><\/p>\n<p style=\"font-weight: 300;\"><span style=\"font-style: inherit; font-weight: inherit;\">Dispon\u00edvel em:\u00a0<\/span><a style=\"font-style: inherit; font-weight: inherit;\" href=\"http:\/\/www.scielo.br\/scielo.php?script=sci_arttext&amp;pid=S0104-71832012000200018\"><span style=\"font-style: inherit; font-weight: inherit;\">http:\/\/www.scielo.br\/scielo.php?script=sci_arttext&amp;pid=S0104-71832012000200018<\/span><\/a><\/p>\n<p style=\"font-weight: 300;\"><span style=\"font-style: inherit; font-weight: inherit;\">\u00a0<\/span><\/p>\n<p style=\"font-weight: 300;\"><span style=\"font-style: inherit; font-weight: inherit;\">MAGNUSSOM, W. et al. <strong>Biodiversidade e monitoramento ambiental integrado<\/strong>. Santo Andr\u00e9, SP: \u00c1ttema Editorial, 2013. <\/span><\/p>\n<p style=\"font-weight: 300;\"><span style=\"font-style: inherit; font-weight: inherit;\">Dispon\u00edvel em: &lt;<\/span><a style=\"font-style: inherit; font-weight: inherit;\" href=\"http:\/\/ppbio.inpa.gov.br\/sites\/default\/files\/Biodiversidade%20e%20monitoramento%20ambiental%20integrado.pdf\"><span style=\"font-style: inherit; font-weight: inherit;\">http:\/\/ppbio.inpa.gov.br\/sites\/default\/files\/Biodiversidade%20e%20monitoramento%20ambiental%20integrado.pdf<\/span><\/a><span style=\"font-style: inherit; font-weight: inherit;\">&gt;<\/span><\/p>\n<p style=\"font-weight: 300;\"><span style=\"font-style: inherit; font-weight: inherit;\">\u00a0<\/span><\/p>\n<p style=\"font-weight: 300;\"><span style=\"font-style: inherit; font-weight: inherit;\">MELO, R. M. Teoria do discurso historiogr\u00e1fico de Hayden White: uma introdu\u00e7\u00e3o. In.:<strong>Revista Opsis<\/strong>, v. 8, n. 11, p. 120-145, 2008. <\/span><\/p>\n<p style=\"font-weight: 300;\"><span style=\"font-style: inherit; font-weight: inherit;\">Dispon\u00edvel em: &lt;<\/span><a style=\"font-style: inherit; font-weight: inherit;\" href=\"http:\/\/www.revistas.ufg.br\/index.php\/Opsis\/article\/view\/9357\/6449#.Uvq4R_ldVqU\"><span style=\"font-style: inherit; font-weight: inherit;\">http:\/\/www.revistas.ufg.br\/index.php\/Opsis\/article\/view\/9357\/6449#.Uvq4R_ldVqU<\/span><\/a><span style=\"font-style: inherit; font-weight: inherit;\">&gt;<\/span><\/p>\n<p style=\"font-weight: 300;\"><span style=\"font-style: inherit; font-weight: inherit;\">\u00a0<\/span><\/p>\n<p style=\"font-weight: 300;\"><span style=\"font-style: inherit; font-weight: inherit;\">NITZKE, J.A. Seguran\u00e7a alimentar \u2013 retorno \u00e0s origens? <\/span><strong><span style=\"font-style: inherit; font-weight: inherit;\">Brazilian Journal of Food Technology<\/span><\/strong><span style=\"font-style: inherit; font-weight: inherit;\">, v. 15, p. 2-10, 2012. <\/span><\/p>\n<p style=\"font-weight: 300;\"><span style=\"font-style: inherit; font-weight: inherit;\">Dispon\u00edvel em: &lt;<\/span><a style=\"font-style: inherit; font-weight: inherit;\" href=\"http:\/\/www.scielo.br\/scielo.php?script=sci_arttext&amp;pid=S1981-67232012000500002\"><span style=\"font-style: inherit; font-weight: inherit;\">http:\/\/www.scielo.br\/scielo.php?script=sci_arttext&amp;pid=S1981-67232012000500002<\/span><\/a><span style=\"font-style: inherit; font-weight: inherit;\">&gt;<\/span><\/p>\n<p style=\"font-weight: 300;\"><span style=\"font-style: inherit; font-weight: inherit;\">\u00a0<\/span><\/p>\n<p style=\"font-weight: 300;\"><span style=\"font-style: inherit; font-weight: inherit;\">OLIVEIRA, N.B; Jr PIRES, O.R. Venenos e pe\u00e7onhas animais: aplica\u00e7\u00f5es tecnol\u00f3gicas e Biopirataria. <\/span><\/p>\n<p style=\"font-weight: 300;\"><span style=\"font-style: inherit; font-weight: inherit;\">Dispon\u00edvel em:<\/span><span style=\"font-style: inherit; font-weight: inherit;\">&lt;<\/span><a style=\"font-style: inherit; font-weight: inherit;\" href=\"http:\/\/www.cpgls.ucg.br\/6mostra\/artigos\/SAUDE\/NATIELA%20BEATRIZ%20DE%20OLIVEIRA%20E%20OSMINDO%20RODRIGUES%20PIRES%20J%C3%9ANIOR.PDF\"><span style=\"font-style: inherit; font-weight: inherit;\">http:\/\/www.cpgls.ucg.br\/6mostra\/artigos\/SAUDE\/NATIELA%20BEATRIZ%20DE%20OLIVEIRA%20E%20OSMINDO%20RODRIGUES%20PIRES%20J%C3%9ANIOR.PDF<\/span><\/a><span style=\"font-style: inherit; font-weight: inherit;\">&gt;<\/span><\/p>\n<p style=\"font-weight: 300;\"><span style=\"font-style: inherit; font-weight: inherit;\">\u00a0<\/span><\/p>\n<p style=\"font-weight: 300;\"><span style=\"font-style: inherit; font-weight: inherit;\">PORTILHO, F.; CAST\u00c3NEDA, M.; CASTRO, I.R.R. A Alimenta\u00e7\u00e3o no contexto contempor\u00e2neo: consumo, a\u00e7\u00e3o pol\u00edtica e sustentabilidade. <strong>Ci\u00eancia &amp;Sa\u00fade Coletiva<\/strong>, v. 16, p. 99-106, 2011. Dispon\u00edvel em:\u00a0 &lt;<\/span><a style=\"font-style: inherit; font-weight: inherit;\" href=\"http:\/\/www.scielo.br\/scielo.php?script=sci_arttext&amp;pid=S1413-81232011000100014\"><span style=\"font-style: inherit; font-weight: inherit;\">http:\/\/www.scielo.br\/scielo.php?script=sci_arttext&amp;pid=S1413-81232011000100014<\/span><\/a><span style=\"font-style: inherit; font-weight: inherit;\">&gt;<\/span><\/p>\n<p style=\"font-weight: 300;\"><span style=\"font-style: inherit; font-weight: inherit;\">\u00a0<\/span><\/p>\n<p style=\"font-weight: 300;\"><span style=\"font-style: inherit; font-weight: inherit;\">REIGOTA, M.A.S. Ci\u00eancia e Sustentabilidade: a Contribui\u00e7\u00e3o da educa\u00e7\u00e3o ambiental.<strong>Revista de Avalia\u00e7\u00e3o da Educa\u00e7\u00e3o Superior<\/strong>, v. 12, p. 219-232, 2007. <\/span><\/p>\n<p style=\"font-weight: 300;\"><span style=\"font-style: inherit; font-weight: inherit;\">Dispon\u00edvel em:\u00a0<\/span><span style=\"font-style: inherit; font-weight: inherit;\">&lt;<\/span><a style=\"font-style: inherit; font-weight: inherit;\" href=\"http:\/\/www.scielo.br\/pdf\/aval\/v12n2\/a03v12n2.pdf\"><span style=\"font-style: inherit; font-weight: inherit;\">www.scielo.br\/pdf\/aval\/v12n2\/a03v12n2.pdf<\/span><\/a><span style=\"font-style: inherit; font-weight: inherit;\">&gt;<\/span><\/p>\n<p style=\"font-weight: 300;\"><span style=\"font-style: inherit; font-weight: inherit;\">\u00a0<\/span><\/p>\n<p style=\"font-weight: 300;\"><span style=\"font-style: inherit; font-weight: inherit;\">SANTANA, R. Direito \u00e0 sociobiodiversidade: o desenvolvimento sustent\u00e1vel e a diversidade s\u00f3ciocultural. <strong>Amaz\u00f4nia em Foco<\/strong>, Castanhal, v. 1, p. 140-153, 2012. <\/span><\/p>\n<p style=\"font-weight: 300;\"><span style=\"font-style: inherit; font-weight: inherit;\">Dispon\u00edvel em: &lt;<\/span><a style=\"font-style: inherit; font-weight: inherit;\" href=\"http:\/\/revista.fcat.edu.br\/index.php\/path\/article\/view\/13\/10\"><span style=\"font-style: inherit; font-weight: inherit;\">http:\/\/revista.fcat.edu.br\/index.php\/path\/article\/view\/13\/10<\/span><\/a><span style=\"font-style: inherit; font-weight: inherit;\">&gt;<\/span><\/p>\n<h4 style=\"font-weight: inherit;\"><span style=\"font-style: inherit; font-weight: inherit;\"><span style=\"font-style: inherit;\">\u00a0<\/span><\/span><\/h4>\n<p style=\"font-weight: 300;\"><span style=\"font-style: inherit; font-weight: inherit;\">SILVA, F.M., LACERDA, P.S.B., JONES Jr. J. Desenvolvimento Sustent\u00e1vel e Qu\u00edmica Verde. <strong>Qu\u00edmica Nova<\/strong>, v.28, p. 103-110, 2005. <\/span><\/p>\n<p style=\"font-weight: 300;\"><span style=\"font-style: inherit; font-weight: inherit;\">Dispon\u00edvel em:\u00a0<\/span>&lt;<a style=\"font-style: inherit; font-weight: inherit;\" href=\"http:\/\/www.scielo.br\/pdf\/qn\/v28n1\/23046.pdf\"><span style=\"font-style: inherit;\">http:\/\/www.scielo.br\/pdf\/qn\/v28n1\/23046.pdf<\/span><\/a><span style=\"font-style: inherit; font-weight: inherit;\"><span style=\"font-style: inherit;\">&gt;<\/span><\/span><\/p>\n","protected":false},"excerpt":{"rendered":"<p>BRAGA, B. et al. Introdu\u00e7\u00e3o \u00e0 engenharia ambiental. 2. ed. S\u00e3o Paulo: Pearson Prentice Hall, 2005. Dispon\u00edvel em:\u00a0 http:\/\/www.passeidireto.com\/arquivo\/2135592\/introducao-a-engenharia-ambiental\u20142-edicao\u2014benedito-braga-e-outros1. \u00a0 CARNEIRO, M.J.; DANTON, T. Agricultura e biodiversidade nas Ci\u00eancias Sociais brasileiras: alimentando a comunica\u00e7\u00e3o entre ci\u00eancia e pol\u00edticas p\u00fablicas. In.:Sociologias, v. 14, p. 252-289, 2012. Dispon\u00edvel em: &lt;http:\/\/www.scielo.br\/scielo.php?pid=S1517-45222012000200009&amp;script=sci_arttext\u00a0http:\/\/www.scielo.br\/pdf\/soc\/v14n30\/09.pdf&gt;. \u00a0 CAVALCANTI, C. (Org.). Desenvolvimento e natureza: [&hellip;]<\/p>\n","protected":false},"author":2,"featured_media":0,"comment_status":"closed","ping_status":"closed","sticky":false,"template":"","format":"standard","meta":{"_uag_custom_page_level_css":"","footnotes":""},"categories":[33],"tags":[],"class_list":["post-1067","post","type-post","status-publish","format-standard","hentry","category-masts"],"uagb_featured_image_src":{"full":false,"thumbnail":false,"medium":false,"medium_large":false,"large":false,"1536x1536":false,"2048x2048":false},"uagb_author_info":{"display_name":"PROPPG UNILAB","author_link":"https:\/\/proppg.unilab.edu.br\/index.php\/author\/proppg\/"},"uagb_comment_info":0,"uagb_excerpt":"BRAGA, B. et al. Introdu\u00e7\u00e3o \u00e0 engenharia ambiental. 2. ed. S\u00e3o Paulo: Pearson Prentice Hall, 2005. Dispon\u00edvel em:\u00a0 http:\/\/www.passeidireto.com\/arquivo\/2135592\/introducao-a-engenharia-ambiental\u20142-edicao\u2014benedito-braga-e-outros1. \u00a0 CARNEIRO, M.J.; DANTON, T. Agricultura e biodiversidade nas Ci\u00eancias Sociais brasileiras: alimentando a comunica\u00e7\u00e3o entre ci\u00eancia e pol\u00edticas p\u00fablicas. In.:Sociologias, v. 14, p. 252-289, 2012. Dispon\u00edvel em: &lt;http:\/\/www.scielo.br\/scielo.php?pid=S1517-45222012000200009&amp;script=sci_arttext\u00a0http:\/\/www.scielo.br\/pdf\/soc\/v14n30\/09.pdf&gt;. \u00a0 CAVALCANTI, C. (Org.). Desenvolvimento e natureza:&hellip;","_links":{"self":[{"href":"https:\/\/proppg.unilab.edu.br\/index.php\/wp-json\/wp\/v2\/posts\/1067","targetHints":{"allow":["GET"]}}],"collection":[{"href":"https:\/\/proppg.unilab.edu.br\/index.php\/wp-json\/wp\/v2\/posts"}],"about":[{"href":"https:\/\/proppg.unilab.edu.br\/index.php\/wp-json\/wp\/v2\/types\/post"}],"author":[{"embeddable":true,"href":"https:\/\/proppg.unilab.edu.br\/index.php\/wp-json\/wp\/v2\/users\/2"}],"replies":[{"embeddable":true,"href":"https:\/\/proppg.unilab.edu.br\/index.php\/wp-json\/wp\/v2\/comments?post=1067"}],"version-history":[{"count":1,"href":"https:\/\/proppg.unilab.edu.br\/index.php\/wp-json\/wp\/v2\/posts\/1067\/revisions"}],"predecessor-version":[{"id":1068,"href":"https:\/\/proppg.unilab.edu.br\/index.php\/wp-json\/wp\/v2\/posts\/1067\/revisions\/1068"}],"wp:attachment":[{"href":"https:\/\/proppg.unilab.edu.br\/index.php\/wp-json\/wp\/v2\/media?parent=1067"}],"wp:term":[{"taxonomy":"category","embeddable":true,"href":"https:\/\/proppg.unilab.edu.br\/index.php\/wp-json\/wp\/v2\/categories?post=1067"},{"taxonomy":"post_tag","embeddable":true,"href":"https:\/\/proppg.unilab.edu.br\/index.php\/wp-json\/wp\/v2\/tags?post=1067"}],"curies":[{"name":"wp","href":"https:\/\/api.w.org\/{rel}","templated":true}]}}